{"id":1549,"date":"2025-08-09T15:35:52","date_gmt":"2025-08-09T15:35:52","guid":{"rendered":"https:\/\/www.mapblog.xyz\/?p=1549"},"modified":"2025-08-11T02:02:37","modified_gmt":"2025-08-11T02:02:37","slug":"es-wird-langsam-eng-fur-rechte-politiker","status":"publish","type":"post","link":"https:\/\/www.mapblog.xyz\/?p=1549","title":{"rendered":"\ud83c\udde9\ud83c\uddea DE &#8211; Es wird langsam eng f\u00fcr rechte Politiker."},"content":{"rendered":"\n<p>Hallo liebe Leser, Leserinnen und Lesex<\/p>\n\n\n\n<p><\/p>\n\n\n\n<p>Ich habe in einem <a href=\"https:\/\/www.mapblog.xyz\/?p=1012\" title=\"\">Blogbeitrag am 29 Januar<\/a> bereits darauf hingewiesen, dass es eine Anzeige gegen eine AfD Politikerin von mir gab, und zwar Vanessa Behrendt, Familienpolitische Sprecherin der AfD Landtagsfraktion Niedersachsen. <br><br>Am 11. Februar hat es sich daraufhin zugespitzt, und auf meinem Smartphone kam eine WhatsApp Nachricht von jemandem mir unbekanntem, dieser warnte mich, dass eine AfD Politikerin gerade meine kompletten Daten auf Social Media in einem Steckbrief wie im Wilden Westen ver\u00f6ffentlicht h\u00e4tte, ich wusste sofort, um wen es geht, und hab nachgeschaut und es hat mir die Sprache verschlagen, vor soviel krimineller Energie (und das von Personen, die sich immer als anst\u00e4ndig und demokratisch tarnen, und uns anderen aber vorwerfen Kriminell zu sein)<\/p>\n\n\n\n<p><\/p>\n\n\n\n<p>Hier mal ein kleiner Einblick, wie das ganze ausgesehen hat:<\/p>\n\n\n\n<figure class=\"wp-block-image size-full\"><img loading=\"lazy\" decoding=\"async\" width=\"603\" height=\"580\" src=\"https:\/\/www.mapblog.xyz\/wp-content\/uploads\/2025\/08\/BehrendDoxx4Zensur.png\" alt=\"\" class=\"wp-image-1550\" srcset=\"https:\/\/www.mapblog.xyz\/wp-content\/uploads\/2025\/08\/BehrendDoxx4Zensur.png 603w, https:\/\/www.mapblog.xyz\/wp-content\/uploads\/2025\/08\/BehrendDoxx4Zensur-600x577.png 600w\" sizes=\"auto, (max-width: 603px) 100vw, 603px\" \/><\/figure>\n\n\n\n<p>Daraufhin wurde alles beweiskr\u00e4ftig gesichert, und ging sofort per Besuch an die \u00f6rtliche Kripo zwecks Strafanzeige und Strafantrag wegen gef\u00e4hrdetem Verbreiten (nicht \u00f6ffentlicher) personenbezogener Daten, Bedrohung, Verleumdung und Aufruf zu Straftaten (zu den anderen 6 Paragrafen der vorherigen Anzeige noch dazu) diese haben sofort Ermittlungen aufgenommen<br><br>Ich habe aber auch selbst weiter ermittelt, und zuerst zusammen mit einigen Freunden (Danke nochmal an unsere gro\u00dfartige Community) diesen Post entfernen lassen, und zeitgleich unter 3 ihrer Posts \u00fcber mich, 7x gef\u00e4hrdetes Verbreiten personenbezogener Daten, 34x Schwere Hassverbrechen (die leichten hab ich nicht gez\u00e4hlt, denn dann w\u00e4re ich heute noch dabei) und 154 direkte und indirekte Aufrufe zu Mord gesichert, welche ebenfalls an die Staatsanwaltschaft gingen. <br><br>Ich habe tagelang nachgepr\u00fcft, keine einziger der Mordaufrufenden Post&#8217;s wurde von ihr gel\u00f6scht oder verborgen, weil dies ihr ziel war und immer schon ist, soviel Hass gegen mich und andere zu Verbreiten, bis irgendjemand ausflippt und tats\u00e4chlich eine Straftat oder einen Mord begeht, in der Hoffnung das sie nicht direkt daf\u00fcr verantwortlich gemacht werden kann, so Arbeitet die AfD.<\/p>\n\n\n\n<p>Ich wurde schon gefragt, ob ich in solchen Situationen Angst habe, und ich sage dann immer, dass ich schon einiges in dem Sinne erlebt habe, und ich \u00fcber die letzten 4 Jahre gelernt habe, mit solche dingen gut umzugehen, ohne mich stressen oder Bedrohen zu lassen, aber es auch t\u00f6richt w\u00e4re, keine Angst zu versp\u00fcren, wenn gesichert rechtsextreme Politiker offensichtlich zu deiner Ermordung aufrufen, also muss ich zugeben, Vorsicht ist immer geboten, auch im Alltag. <br><br>Das <strong>positive<\/strong>, das ich immer wieder gerne heraussuche ist, dass es auf Twitter trotz des Faktes das es eine rechtsextreme Plattform geworden ist, noch genug Demokraten gibt, welche dagegenhalten und ihr Paroli bieten, und wie hier z.B. zu sehen, ihr aufzeigen, dass wir beide jetzt \u00fcberwacht werden und falls mir etwas passieren sollte, sie daf\u00fcr die Konsequenzen zu tragen hat.<br><br> <br><\/p>\n\n\n\n<figure class=\"wp-block-image size-full\"><img loading=\"lazy\" decoding=\"async\" width=\"609\" height=\"434\" src=\"https:\/\/www.mapblog.xyz\/wp-content\/uploads\/2025\/08\/PlU36zX.png\" alt=\"\" class=\"wp-image-1551\" srcset=\"https:\/\/www.mapblog.xyz\/wp-content\/uploads\/2025\/08\/PlU36zX.png 609w, https:\/\/www.mapblog.xyz\/wp-content\/uploads\/2025\/08\/PlU36zX-600x428.png 600w\" sizes=\"auto, (max-width: 609px) 100vw, 609px\" \/><\/figure>\n\n\n\n<figure class=\"wp-block-image size-full\"><img loading=\"lazy\" decoding=\"async\" width=\"435\" height=\"554\" src=\"https:\/\/www.mapblog.xyz\/wp-content\/uploads\/2025\/08\/dGvvUbx_d.png\" alt=\"\" class=\"wp-image-1552\"\/><\/figure>\n\n\n\n<p>Gehen wir weiter&#8230;<br><br>Sp\u00e4ter im Jahr hat diese Dame sich dann noch erdreistet, im nieders\u00e4chsischem Landtag einen &#8220;Kinderschutzkongress&#8221; zu veranstalten, an dem einige ihre politischen Freunde, Schwurbler und auch rechtspopulistische selbsternannte &#8220;Kindersch\u00fctzer&#8221; <a href=\"https:\/\/www.mapblog.xyz\/wp-content\/uploads\/2025\/08\/kss26.png\" title=\"\">[1]<\/a> <a href=\"https:\/\/www.mapblog.xyz\/wp-content\/uploads\/2025\/08\/kss21.png\" title=\"\">[2]<\/a> <a href=\"https:\/\/www.mapblog.xyz\/wp-content\/uploads\/2025\/08\/kss18.png\" title=\"\">[3]<\/a> <a href=\"https:\/\/www.mapblog.xyz\/wp-content\/uploads\/2025\/08\/kss19.png\" title=\"\">[4]<\/a> <a href=\"https:\/\/www.mapblog.xyz\/wp-content\/uploads\/2025\/08\/kss16.png\" title=\"\">[5]<\/a> <a href=\"https:\/\/www.mapblog.xyz\/wp-content\/uploads\/2025\/08\/kss13.png\" title=\"\">[6]<\/a> <a href=\"https:\/\/www.mapblog.xyz\/wp-content\/uploads\/2025\/08\/kss11.png\" title=\"\">[7]<\/a> <a href=\"https:\/\/www.mapblog.xyz\/wp-content\/uploads\/2025\/08\/kss10.png\">[8]<\/a> <a href=\"https:\/\/www.mapblog.xyz\/wp-content\/uploads\/2025\/08\/kss9.png\">[9]<\/a> <a href=\"https:\/\/www.mapblog.xyz\/wp-content\/uploads\/2025\/08\/kss4.png\">[10]<\/a> <a href=\"https:\/\/www.mapblog.xyz\/wp-content\/uploads\/2025\/08\/kss3.png\">[11]<\/a> <a href=\"https:\/\/www.mapblog.xyz\/wp-content\/uploads\/2025\/08\/kss27.png\">[12]<\/a> <a href=\"https:\/\/www.mapblog.xyz\/wp-content\/uploads\/2025\/08\/kss27.png\">[13]<\/a> teilnahmen, aber hier war es zum Gl\u00fcck so, das Demokraten, Gewerkschaften und ECHTE Kindersch\u00fctzer davor mit \u00fcber 900 Personen protestierten, um zu zeigen, das sich die breite Masse der Zivilgesellschaft diesem Kongress voller Verschw\u00f6rungstheorien entgegenstellt, danke noch mal an alle beteiligten hierf\u00fcr, ihr wart klasse\u2764\ufe0f. <br><br>Zwischenzeitlich waren meine Anzeigen bei der Staatsanwaltschaft schon bearbeitet und die Ermittlungen laufen auf Hochtouren, dort stehe ich in Kontakt, ich habe auch aus den Medien mittlerweile erfahren, dass es bis dato 14 Anzeigen waren, + meine 2 also 16 Anzeigen in 2 verschiedenen Verfahren gegen sie, gr\u00f6\u00dftenteils wegen Volksverhetzung, und gestern die frohe Botschaft, es gibt bereits eine 3te Anklagevorbereitung ebenfalls wegen Volksverhetzung.<\/p>\n\n\n\n<p><img loading=\"lazy\" decoding=\"async\" width=\"550\" height=\"252\" class=\"wp-image-1553\" style=\"width: 550px;\" src=\"https:\/\/www.mapblog.xyz\/wp-content\/uploads\/2025\/08\/sFHFHhq.png\" alt=\"\" srcset=\"https:\/\/www.mapblog.xyz\/wp-content\/uploads\/2025\/08\/sFHFHhq.png 612w, https:\/\/www.mapblog.xyz\/wp-content\/uploads\/2025\/08\/sFHFHhq-600x275.png 600w\" sizes=\"auto, (max-width: 550px) 100vw, 550px\" \/> <\/p>\n\n\n\n<p>Zeitgleich haben wir das Motto &#8220;AfD Verbot&#8221; zwecks zu langer Unt\u00e4tigkeit der Bundesregierung, zumindest teilweise selbst in die Hand genommen, und gestern ihre Profile auf Instagram und Facebook reported und zwecks etlicher Straftaten permanent sperren lassen.<\/p>\n\n\n\n<p><img loading=\"lazy\" decoding=\"async\" width=\"550\" height=\"643\" class=\"wp-image-1554\" style=\"width: 550px;\" src=\"https:\/\/www.mapblog.xyz\/wp-content\/uploads\/2025\/08\/pGhhBL7.png\" alt=\"\" srcset=\"https:\/\/www.mapblog.xyz\/wp-content\/uploads\/2025\/08\/pGhhBL7.png 606w, https:\/\/www.mapblog.xyz\/wp-content\/uploads\/2025\/08\/pGhhBL7-547x640.png 547w\" sizes=\"auto, (max-width: 550px) 100vw, 550px\" \/> <\/p>\n\n\n\n<p>So bek\u00e4mpft man aktiv Hasskriminalit\u00e4t, wenn der Staat es schon nicht f\u00fcr n\u00f6tig h\u00e4lt, gezielt gegen diese Partei und ihre Politiker einzuschreiten, muss das halt der B\u00fcrger mit allen legalen Mitteln selbst tun.<br><br><strong>Nachtrag:<\/strong> die Accounts von Vanessa Behrendt wurden leider wieder entsperrt, aber auf geht es in die n\u00e4chste Runde, am Ende wird die Demokratie immer gegen Hass siegen.<\/p>\n\n\n\n<p><\/p>\n\n\n\n<p>Und hier noch zum Abschluss ein Hinweis auf mein neues Profilbild, von einem Freund selbst erstellt, damit ich ein eigenes Profilbild mit vollem Copyright habe, und wie ich finde, mega sch\u00f6n geworden, danke nochmal Max<br> <br><img loading=\"lazy\" decoding=\"async\" width=\"750\" height=\"949\" class=\"wp-image-1567\" style=\"width: 750px;\" src=\"https:\/\/www.mapblog.xyz\/wp-content\/uploads\/2025\/08\/Madchen_mit_Fahne_W_700px.png\" alt=\"\" srcset=\"https:\/\/www.mapblog.xyz\/wp-content\/uploads\/2025\/08\/Madchen_mit_Fahne_W_700px.png 553w, https:\/\/www.mapblog.xyz\/wp-content\/uploads\/2025\/08\/Madchen_mit_Fahne_W_700px-506x640.png 506w\" sizes=\"auto, (max-width: 750px) 100vw, 750px\" \/><br><br><br><br><br>Euer <br>Consuela<br><br><\/p>\n","protected":false},"excerpt":{"rendered":"<p>Hallo liebe Leser, Leserinnen und Lesex Ich habe in einem Blogbeitrag am 29 Januar bereits darauf hingewiesen, dass es eine Anzeige gegen eine AfD Politikerin von mir gab, und zwar Vanessa Behrendt, Familienpolitische Sprecherin der AfD Landtagsfraktion Niedersachsen. Am 11. Februar hat es sich daraufhin zugespitzt, und auf meinem Smartphone kam eine WhatsApp Nachricht von [&hellip;]<\/p>\n","protected":false},"author":1,"featured_media":0,"comment_status":"open","ping_status":"open","sticky":false,"template":"","format":"standard","meta":{"footnotes":""},"categories":[5],"tags":[],"class_list":["post-1549","post","type-post","status-publish","format-standard","hentry","category-activism"],"aioseo_notices":[],"featured_image_src":null,"author_info":{"display_name":"Consuela","author_link":"https:\/\/www.mapblog.xyz\/?author=1"},"_links":{"self":[{"href":"https:\/\/www.mapblog.xyz\/index.php?rest_route=\/wp\/v2\/posts\/1549","targetHints":{"allow":["GET"]}}],"collection":[{"href":"https:\/\/www.mapblog.xyz\/index.php?rest_route=\/wp\/v2\/posts"}],"about":[{"href":"https:\/\/www.mapblog.xyz\/index.php?rest_route=\/wp\/v2\/types\/post"}],"author":[{"embeddable":true,"href":"https:\/\/www.mapblog.xyz\/index.php?rest_route=\/wp\/v2\/users\/1"}],"replies":[{"embeddable":true,"href":"https:\/\/www.mapblog.xyz\/index.php?rest_route=%2Fwp%2Fv2%2Fcomments&post=1549"}],"version-history":[{"count":3,"href":"https:\/\/www.mapblog.xyz\/index.php?rest_route=\/wp\/v2\/posts\/1549\/revisions"}],"predecessor-version":[{"id":1571,"href":"https:\/\/www.mapblog.xyz\/index.php?rest_route=\/wp\/v2\/posts\/1549\/revisions\/1571"}],"wp:attachment":[{"href":"https:\/\/www.mapblog.xyz\/index.php?rest_route=%2Fwp%2Fv2%2Fmedia&parent=1549"}],"wp:term":[{"taxonomy":"category","embeddable":true,"href":"https:\/\/www.mapblog.xyz\/index.php?rest_route=%2Fwp%2Fv2%2Fcategories&post=1549"},{"taxonomy":"post_tag","embeddable":true,"href":"https:\/\/www.mapblog.xyz\/index.php?rest_route=%2Fwp%2Fv2%2Ftags&post=1549"}],"curies":[{"name":"wp","href":"https:\/\/api.w.org\/{rel}","templated":true}]}}